{"id":15119,"date":"2022-09-29T20:49:04","date_gmt":"2022-09-29T18:49:04","guid":{"rendered":"https:\/\/derkommunale.de\/wordpress\/?p=15119"},"modified":"2024-10-13T19:14:42","modified_gmt":"2024-10-13T17:14:42","slug":"selbstbedienungsladen-oeffentlich-rechtlicher-rundfunk","status":"publish","type":"post","link":"https:\/\/derkommunale.de\/wordpress\/selbstbedienungsladen-oeffentlich-rechtlicher-rundfunk\/","title":{"rendered":"Selbstbedienungsladen \u00d6ffentlich-Rechtlicher Rundfunk"},"content":{"rendered":"\n\n\n<h2 class=\"wp-block-heading\">Intendanten bei NDR und ZDF sahnen ab<\/h2>\n\n\n\n<p style=\"font-weight: 400;\">Am 28.09.2022 hat sich der Focus des Themas Zusatzeinnahmen der Sender-Chefs von NDR und ZDF angenommen.<br \/>Man ahnt bereits, dass die Damen und Herren nicht am Hungertuch nagen m\u00fcssen. &nbsp;Und so stellte der Focus dann auch fest, dass die Intendanten durchaus f\u00fcrstlich mit mehreren Hunderttausend Euro entlohnt werden. Damit erhalten sie ein Einkommen, das h\u00f6her als das der Ministerpr\u00e4sidenten und auch des Bundeskanzlers ist. Doch auch das reicht noch nicht. Einige Bosse verdienen durch Aufsichtsratsmandate und \u00e4hnliche Posten noch kr\u00e4ftig dazu.<\/p>\n<p style=\"font-weight: 400;\">Zwei Beispiele dazu:<\/p>\n<p style=\"font-weight: 400;\"><strong>NDR-Intendant: Joachim Knuth<\/strong><\/p>\n<ul>\n<li>Grundgehalt: 346.000 Euro<\/li>\n<li>Zusatzeink\u00fcnfte: 23.400 Euro<\/li>\n<\/ul>\n<p style=\"font-weight: 400;\">&nbsp;<\/p>\n<p style=\"font-weight: 400;\"><strong>ZDF-Intendant: Norbert Himmler<\/strong><\/p>\n<ul>\n<li>Grundgehalt: 372.000 Euro<\/li>\n<li>Zusatzeink\u00fcnfte: 25.000 Euro maximal<\/li>\n<\/ul>\n<p style=\"font-weight: 400;\">&nbsp;<\/p>\n<p style=\"font-weight: 400;\">Laut einem NDR-Bericht gibt es solche Zusatzeinnahmen bei den Intendantinnen und Intendanten von BR, HR, SR, rbb, Radio Bremen, Deutschlandradio und Deutsche Welle nicht. Einzig beim MDR gibt es Sonderverg\u00fctungen, die allerdings auf 5000 Euro im Jahr begrenzt sind. Beim rbb liegt die Obergrenze bei 6000 Euro. Allerdings verdiene die neue Intendantin nichts zus\u00e4tzlich, berichtet der NDR. Auch <strong>beim WDR <\/strong>sind 6000 Euro die Obergrenze.<\/p>\n\n\n\n<h2 class=\"wp-block-heading\"><strong>Mir sahn mir beim Bayrischen Rundfunk<\/strong><\/h2>\n\n\n\n<div>\n<p>Doch wie die <a href=\"https:\/\/jungefreiheit.de\/kultur\/2022\/ard-skandal-um-nebeneinkuenfte\/\">Junge Freiheit<\/a> am 29.09.2022 berichtete, m\u00fcssen die Fakten zumindest hinsichtlich der Bez\u00fcge des F\u00fchrungspersonals des Bayrischen Rundfunks korrigiert werden. Im Gegensatz zu den Feststellungen des NDR-Berichtes zum Thema im Focus gibt es beim BR sehr wohl Zusatzeink\u00fcnfte und zwar reichlich.<\/p>\n<\/div>\n\n\n\n<h2 class=\"wp-block-heading\"><strong>Direktorin scheffelte 500.000 Euro<\/strong><\/h2>\n\n\n\n<div>\n<p>Besonders weit gebracht hat es diesbez\u00fcglich die Direktorin BR, Birgit Spanner-Ulmer. Sie erh\u00e4lt ein Gehalt von 266.000 Euro und damit erheblich mehr als der Ministerpr\u00e4sident Bayerns (205.000 Euro). Dazu hat sie Nebeneink\u00fcnfte von mehr als 500.000 Euro erzielt. Unter anderem hat sie ein Aufsichtsratsmandat bei der Salzgitter AG. Vor einer Woche sendete der BR eine Dokumentation \u00fcber Wasserstoff als neuen Energietr\u00e4ger. Dabei wurde die Salzgitter AG besonders positiv erw\u00e4hnt. Unabh\u00e4ngiger Journalismus sieht anders aus.<\/p>\n<\/div>\n<div>\n<p>Aktuell ist der Bayrische Rundfunk in finanziellen Schwierigkeiten. Stattliche 465 Millionen Euro fehlen dem geb\u00fchrenfinanzierten Sender. Frau Spanner-Ulmer leistete sich trotzdem zwei Dienstwagen mit den dazugeh\u00f6rigen Fahrern.<\/p>\n<\/div>\n","protected":false},"excerpt":{"rendered":"<p>Intendanten bei NDR und ZDF sahnen ab Am 28.09.2022 hat sich der Focus des Themas Zusatzeinnahmen der Sender-Chefs von NDR und ZDF angenommen.Man ahnt bereits, dass die Damen und Herren nicht am Hungertuch nagen m\u00fcssen. &nbsp;Und so stellte der Focus dann auch fest, dass die Intendanten durchaus f\u00fcrstlich mit mehreren Hunderttausend Euro entlohnt werden. Damit&#8230;<\/p>\n","protected":false},"author":1,"featured_media":15120,"comment_status":"open","ping_status":"open","sticky":false,"template":"","format":"standard","meta":{"_uag_custom_page_level_css":"","ngg_post_thumbnail":0,"jetpack_post_was_ever_published":false,"_jetpack_newsletter_access":"","_jetpack_dont_email_post_to_subs":false,"_jetpack_newsletter_tier_id":0,"_jetpack_memberships_contains_paywalled_content":false,"_jetpack_memberships_contains_paid_content":false,"footnotes":"","jetpack_publicize_message":"","jetpack_publicize_feature_enabled":true,"jetpack_social_post_already_shared":false,"jetpack_social_options":{"image_generator_settings":{"template":"highway","default_image_id":0,"font":"","enabled":false},"version":2}},"categories":[1536],"tags":[2191,2192,1128,2190],"class_list":["post-15119","post","type-post","status-publish","format-standard","has-post-thumbnail","hentry","category-innenpolitik","tag-bayrischer-rundfunk-in-finaznoeten","tag-nebeneinkuenfte-spanner-ulmer","tag-oeffentlich-rechtlicher-rundfunk","tag-zusatzeinkuenfte-bei-ndr-und-zdf"],"yoast_head":"<!-- This site is optimized with the Yoast SEO plugin v27.5 - https:\/\/yoast.com\/product\/yoast-seo-wordpress\/ -->\n<title>Selbstbedienungsladen \u00d6ffentlich-Rechtlicher Rundfunk<\/title>\n<meta name=\"description\" content=\"Intendanten des \u00d6ffentlich-Rechtlichen Rundfunk verdienen mehr als L\u00e4nderchefs und die Bundeskanzlerin. Dazu haben sie horrende Zusatzeink\u00fcnfte.\" \/>\n<meta name=\"robots\" content=\"index, follow, max-snippet:-1, max-image-preview:large, max-video-preview:-1\" \/>\n<link rel=\"canonical\" href=\"https:\/\/derkommunale.de\/wordpress\/selbstbedienungsladen-oeffentlich-rechtlicher-rundfunk\/\" \/>\n<meta property=\"og:locale\" content=\"de_DE\" \/>\n<meta property=\"og:type\" content=\"article\" \/>\n<meta property=\"og:title\" content=\"Selbstbedienungsladen \u00d6ffentlich-Rechtlicher Rundfunk\" \/>\n<meta property=\"og:description\" content=\"Intendanten des \u00d6ffentlich-Rechtlichen Rundfunk verdienen mehr als L\u00e4nderchefs und die Bundeskanzlerin. Dazu haben sie horrende Zusatzeink\u00fcnfte.\" \/>\n<meta property=\"og:url\" content=\"https:\/\/derkommunale.de\/wordpress\/selbstbedienungsladen-oeffentlich-rechtlicher-rundfunk\/\" \/>\n<meta property=\"og:site_name\" content=\"Meine ungefragte Meinung\" \/>\n<meta property=\"article:published_time\" content=\"2022-09-29T18:49:04+00:00\" \/>\n<meta property=\"article:modified_time\" content=\"2024-10-13T17:14:42+00:00\" \/>\n<meta property=\"og:image\" content=\"https:\/\/derkommunale.de\/wordpress\/wp-content\/uploads\/2022\/09\/mockup-5282000_1280.jpg\" \/>\n\t<meta property=\"og:image:width\" content=\"1280\" \/>\n\t<meta property=\"og:image:height\" content=\"828\" \/>\n\t<meta property=\"og:image:type\" content=\"image\/jpeg\" \/>\n<meta name=\"author\" content=\"Reiner\" \/>\n<meta name=\"twitter:card\" content=\"summary_large_image\" \/>\n<meta name=\"twitter:label1\" content=\"Verfasst von\" \/>\n\t<meta name=\"twitter:data1\" content=\"Reiner\" \/>\n\t<meta name=\"twitter:label2\" content=\"Gesch\u00e4tzte Lesezeit\" \/>\n\t<meta name=\"twitter:data2\" content=\"3\u00a0Minuten\" \/>\n<script type=\"application\/ld+json\" class=\"yoast-schema-graph\">{\"@context\":\"https:\\\/\\\/schema.org\",\"@graph\":[{\"@type\":\"Article\",\"@id\":\"https:\\\/\\\/derkommunale.de\\\/wordpress\\\/selbstbedienungsladen-oeffentlich-rechtlicher-rundfunk\\\/#article\",\"isPartOf\":{\"@id\":\"https:\\\/\\\/derkommunale.de\\\/wordpress\\\/selbstbedienungsladen-oeffentlich-rechtlicher-rundfunk\\\/\"},\"author\":{\"name\":\"Reiner\",\"@id\":\"https:\\\/\\\/derkommunale.de\\\/wordpress\\\/#\\\/schema\\\/person\\\/0c103ca94aa32d67b840ef853b648769\"},\"headline\":\"Selbstbedienungsladen \u00d6ffentlich-Rechtlicher Rundfunk\",\"datePublished\":\"2022-09-29T18:49:04+00:00\",\"dateModified\":\"2024-10-13T17:14:42+00:00\",\"mainEntityOfPage\":{\"@id\":\"https:\\\/\\\/derkommunale.de\\\/wordpress\\\/selbstbedienungsladen-oeffentlich-rechtlicher-rundfunk\\\/\"},\"wordCount\":343,\"commentCount\":1,\"publisher\":{\"@id\":\"https:\\\/\\\/derkommunale.de\\\/wordpress\\\/#\\\/schema\\\/person\\\/0c103ca94aa32d67b840ef853b648769\"},\"image\":{\"@id\":\"https:\\\/\\\/derkommunale.de\\\/wordpress\\\/selbstbedienungsladen-oeffentlich-rechtlicher-rundfunk\\\/#primaryimage\"},\"thumbnailUrl\":\"https:\\\/\\\/i0.wp.com\\\/derkommunale.de\\\/wordpress\\\/wp-content\\\/uploads\\\/2022\\\/09\\\/mockup-5282000_1280.jpg?fit=1280%2C828&ssl=1\",\"keywords\":[\"Bayrischer &gt;Rundfunk in Finazn\u00f6ten\",\"Nebeneink\u00fcnfte Spanner-Ulmer\",\"\u00f6ffentlich-rechtlicher Rundfunk\",\"Zusatzeink\u00fcnfte bei NDR und ZDF\"],\"articleSection\":[\"Innenpolitik\"],\"inLanguage\":\"de\",\"potentialAction\":[{\"@type\":\"CommentAction\",\"name\":\"Comment\",\"target\":[\"https:\\\/\\\/derkommunale.de\\\/wordpress\\\/selbstbedienungsladen-oeffentlich-rechtlicher-rundfunk\\\/#respond\"]}]},{\"@type\":\"WebPage\",\"@id\":\"https:\\\/\\\/derkommunale.de\\\/wordpress\\\/selbstbedienungsladen-oeffentlich-rechtlicher-rundfunk\\\/\",\"url\":\"https:\\\/\\\/derkommunale.de\\\/wordpress\\\/selbstbedienungsladen-oeffentlich-rechtlicher-rundfunk\\\/\",\"name\":\"Selbstbedienungsladen \u00d6ffentlich-Rechtlicher Rundfunk\",\"isPartOf\":{\"@id\":\"https:\\\/\\\/derkommunale.de\\\/wordpress\\\/#website\"},\"primaryImageOfPage\":{\"@id\":\"https:\\\/\\\/derkommunale.de\\\/wordpress\\\/selbstbedienungsladen-oeffentlich-rechtlicher-rundfunk\\\/#primaryimage\"},\"image\":{\"@id\":\"https:\\\/\\\/derkommunale.de\\\/wordpress\\\/selbstbedienungsladen-oeffentlich-rechtlicher-rundfunk\\\/#primaryimage\"},\"thumbnailUrl\":\"https:\\\/\\\/i0.wp.com\\\/derkommunale.de\\\/wordpress\\\/wp-content\\\/uploads\\\/2022\\\/09\\\/mockup-5282000_1280.jpg?fit=1280%2C828&ssl=1\",\"datePublished\":\"2022-09-29T18:49:04+00:00\",\"dateModified\":\"2024-10-13T17:14:42+00:00\",\"description\":\"Intendanten des \u00d6ffentlich-Rechtlichen Rundfunk verdienen mehr als L\u00e4nderchefs und die Bundeskanzlerin. Dazu haben sie horrende Zusatzeink\u00fcnfte.\",\"breadcrumb\":{\"@id\":\"https:\\\/\\\/derkommunale.de\\\/wordpress\\\/selbstbedienungsladen-oeffentlich-rechtlicher-rundfunk\\\/#breadcrumb\"},\"inLanguage\":\"de\",\"potentialAction\":[{\"@type\":\"ReadAction\",\"target\":[\"https:\\\/\\\/derkommunale.de\\\/wordpress\\\/selbstbedienungsladen-oeffentlich-rechtlicher-rundfunk\\\/\"]}]},{\"@type\":\"ImageObject\",\"inLanguage\":\"de\",\"@id\":\"https:\\\/\\\/derkommunale.de\\\/wordpress\\\/selbstbedienungsladen-oeffentlich-rechtlicher-rundfunk\\\/#primaryimage\",\"url\":\"https:\\\/\\\/i0.wp.com\\\/derkommunale.de\\\/wordpress\\\/wp-content\\\/uploads\\\/2022\\\/09\\\/mockup-5282000_1280.jpg?fit=1280%2C828&ssl=1\",\"contentUrl\":\"https:\\\/\\\/i0.wp.com\\\/derkommunale.de\\\/wordpress\\\/wp-content\\\/uploads\\\/2022\\\/09\\\/mockup-5282000_1280.jpg?fit=1280%2C828&ssl=1\",\"width\":1280,\"height\":828,\"caption\":\"\u00d6ffentlich-Rechtlicher Rundfunk\"},{\"@type\":\"BreadcrumbList\",\"@id\":\"https:\\\/\\\/derkommunale.de\\\/wordpress\\\/selbstbedienungsladen-oeffentlich-rechtlicher-rundfunk\\\/#breadcrumb\",\"itemListElement\":[{\"@type\":\"ListItem\",\"position\":1,\"name\":\"Home\",\"item\":\"https:\\\/\\\/derkommunale.de\\\/wordpress\\\/\"},{\"@type\":\"ListItem\",\"position\":2,\"name\":\"Politik\",\"item\":\"https:\\\/\\\/derkommunale.de\\\/wordpress\\\/category\\\/politik\\\/\"},{\"@type\":\"ListItem\",\"position\":3,\"name\":\"Innenpolitik\",\"item\":\"https:\\\/\\\/derkommunale.de\\\/wordpress\\\/category\\\/politik\\\/innenpolitik\\\/\"},{\"@type\":\"ListItem\",\"position\":4,\"name\":\"Selbstbedienungsladen \u00d6ffentlich-Rechtlicher Rundfunk\"}]},{\"@type\":\"WebSite\",\"@id\":\"https:\\\/\\\/derkommunale.de\\\/wordpress\\\/#website\",\"url\":\"https:\\\/\\\/derkommunale.de\\\/wordpress\\\/\",\"name\":\"Meine ungefragte Meinung\",\"description\":\"Politik f\u00fcr W\u00e4hler\",\"publisher\":{\"@id\":\"https:\\\/\\\/derkommunale.de\\\/wordpress\\\/#\\\/schema\\\/person\\\/0c103ca94aa32d67b840ef853b648769\"},\"alternateName\":\"Politik kommentiert\",\"potentialAction\":[{\"@type\":\"SearchAction\",\"target\":{\"@type\":\"EntryPoint\",\"urlTemplate\":\"https:\\\/\\\/derkommunale.de\\\/wordpress\\\/?s={search_term_string}\"},\"query-input\":{\"@type\":\"PropertyValueSpecification\",\"valueRequired\":true,\"valueName\":\"search_term_string\"}}],\"inLanguage\":\"de\"},{\"@type\":[\"Person\",\"Organization\"],\"@id\":\"https:\\\/\\\/derkommunale.de\\\/wordpress\\\/#\\\/schema\\\/person\\\/0c103ca94aa32d67b840ef853b648769\",\"name\":\"Reiner\",\"image\":{\"@type\":\"ImageObject\",\"inLanguage\":\"de\",\"@id\":\"https:\\\/\\\/i0.wp.com\\\/derkommunale.de\\\/wordpress\\\/wp-content\\\/uploads\\\/2019\\\/09\\\/ich2-e1668710687680.jpg?fit=226%2C300&ssl=1\",\"url\":\"https:\\\/\\\/i0.wp.com\\\/derkommunale.de\\\/wordpress\\\/wp-content\\\/uploads\\\/2019\\\/09\\\/ich2-e1668710687680.jpg?fit=226%2C300&ssl=1\",\"contentUrl\":\"https:\\\/\\\/i0.wp.com\\\/derkommunale.de\\\/wordpress\\\/wp-content\\\/uploads\\\/2019\\\/09\\\/ich2-e1668710687680.jpg?fit=226%2C300&ssl=1\",\"width\":226,\"height\":300,\"caption\":\"Reiner\"},\"logo\":{\"@id\":\"https:\\\/\\\/i0.wp.com\\\/derkommunale.de\\\/wordpress\\\/wp-content\\\/uploads\\\/2019\\\/09\\\/ich2-e1668710687680.jpg?fit=226%2C300&ssl=1\"},\"sameAs\":[\"https:\\\/\\\/derkommunale.de\\\/wordpress\",\"https:\\\/\\\/www.youtube.com\\\/account\"]}]}<\/script>\n<!-- \/ Yoast SEO plugin. -->","yoast_head_json":{"title":"Selbstbedienungsladen \u00d6ffentlich-Rechtlicher Rundfunk","description":"Intendanten des \u00d6ffentlich-Rechtlichen Rundfunk verdienen mehr als L\u00e4nderchefs und die Bundeskanzlerin. Dazu haben sie horrende Zusatzeink\u00fcnfte.","robots":{"index":"index","follow":"follow","max-snippet":"max-snippet:-1","max-image-preview":"max-image-preview:large","max-video-preview":"max-video-preview:-1"},"canonical":"https:\/\/derkommunale.de\/wordpress\/selbstbedienungsladen-oeffentlich-rechtlicher-rundfunk\/","og_locale":"de_DE","og_type":"article","og_title":"Selbstbedienungsladen \u00d6ffentlich-Rechtlicher Rundfunk","og_description":"Intendanten des \u00d6ffentlich-Rechtlichen Rundfunk verdienen mehr als L\u00e4nderchefs und die Bundeskanzlerin. Dazu haben sie horrende Zusatzeink\u00fcnfte.","og_url":"https:\/\/derkommunale.de\/wordpress\/selbstbedienungsladen-oeffentlich-rechtlicher-rundfunk\/","og_site_name":"Meine ungefragte Meinung","article_published_time":"2022-09-29T18:49:04+00:00","article_modified_time":"2024-10-13T17:14:42+00:00","og_image":[{"width":1280,"height":828,"url":"https:\/\/derkommunale.de\/wordpress\/wp-content\/uploads\/2022\/09\/mockup-5282000_1280.jpg","type":"image\/jpeg"}],"author":"Reiner","twitter_card":"summary_large_image","twitter_misc":{"Verfasst von":"Reiner","Gesch\u00e4tzte Lesezeit":"3\u00a0Minuten"},"schema":{"@context":"https:\/\/schema.org","@graph":[{"@type":"Article","@id":"https:\/\/derkommunale.de\/wordpress\/selbstbedienungsladen-oeffentlich-rechtlicher-rundfunk\/#article","isPartOf":{"@id":"https:\/\/derkommunale.de\/wordpress\/selbstbedienungsladen-oeffentlich-rechtlicher-rundfunk\/"},"author":{"name":"Reiner","@id":"https:\/\/derkommunale.de\/wordpress\/#\/schema\/person\/0c103ca94aa32d67b840ef853b648769"},"headline":"Selbstbedienungsladen \u00d6ffentlich-Rechtlicher Rundfunk","datePublished":"2022-09-29T18:49:04+00:00","dateModified":"2024-10-13T17:14:42+00:00","mainEntityOfPage":{"@id":"https:\/\/derkommunale.de\/wordpress\/selbstbedienungsladen-oeffentlich-rechtlicher-rundfunk\/"},"wordCount":343,"commentCount":1,"publisher":{"@id":"https:\/\/derkommunale.de\/wordpress\/#\/schema\/person\/0c103ca94aa32d67b840ef853b648769"},"image":{"@id":"https:\/\/derkommunale.de\/wordpress\/selbstbedienungsladen-oeffentlich-rechtlicher-rundfunk\/#primaryimage"},"thumbnailUrl":"https:\/\/i0.wp.com\/derkommunale.de\/wordpress\/wp-content\/uploads\/2022\/09\/mockup-5282000_1280.jpg?fit=1280%2C828&ssl=1","keywords":["Bayrischer &gt;Rundfunk in Finazn\u00f6ten","Nebeneink\u00fcnfte Spanner-Ulmer","\u00f6ffentlich-rechtlicher Rundfunk","Zusatzeink\u00fcnfte bei NDR und ZDF"],"articleSection":["Innenpolitik"],"inLanguage":"de","potentialAction":[{"@type":"CommentAction","name":"Comment","target":["https:\/\/derkommunale.de\/wordpress\/selbstbedienungsladen-oeffentlich-rechtlicher-rundfunk\/#respond"]}]},{"@type":"WebPage","@id":"https:\/\/derkommunale.de\/wordpress\/selbstbedienungsladen-oeffentlich-rechtlicher-rundfunk\/","url":"https:\/\/derkommunale.de\/wordpress\/selbstbedienungsladen-oeffentlich-rechtlicher-rundfunk\/","name":"Selbstbedienungsladen \u00d6ffentlich-Rechtlicher Rundfunk","isPartOf":{"@id":"https:\/\/derkommunale.de\/wordpress\/#website"},"primaryImageOfPage":{"@id":"https:\/\/derkommunale.de\/wordpress\/selbstbedienungsladen-oeffentlich-rechtlicher-rundfunk\/#primaryimage"},"image":{"@id":"https:\/\/derkommunale.de\/wordpress\/selbstbedienungsladen-oeffentlich-rechtlicher-rundfunk\/#primaryimage"},"thumbnailUrl":"https:\/\/i0.wp.com\/derkommunale.de\/wordpress\/wp-content\/uploads\/2022\/09\/mockup-5282000_1280.jpg?fit=1280%2C828&ssl=1","datePublished":"2022-09-29T18:49:04+00:00","dateModified":"2024-10-13T17:14:42+00:00","description":"Intendanten des \u00d6ffentlich-Rechtlichen Rundfunk verdienen mehr als L\u00e4nderchefs und die Bundeskanzlerin. Dazu haben sie horrende Zusatzeink\u00fcnfte.","breadcrumb":{"@id":"https:\/\/derkommunale.de\/wordpress\/selbstbedienungsladen-oeffentlich-rechtlicher-rundfunk\/#breadcrumb"},"inLanguage":"de","potentialAction":[{"@type":"ReadAction","target":["https:\/\/derkommunale.de\/wordpress\/selbstbedienungsladen-oeffentlich-rechtlicher-rundfunk\/"]}]},{"@type":"ImageObject","inLanguage":"de","@id":"https:\/\/derkommunale.de\/wordpress\/selbstbedienungsladen-oeffentlich-rechtlicher-rundfunk\/#primaryimage","url":"https:\/\/i0.wp.com\/derkommunale.de\/wordpress\/wp-content\/uploads\/2022\/09\/mockup-5282000_1280.jpg?fit=1280%2C828&ssl=1","contentUrl":"https:\/\/i0.wp.com\/derkommunale.de\/wordpress\/wp-content\/uploads\/2022\/09\/mockup-5282000_1280.jpg?fit=1280%2C828&ssl=1","width":1280,"height":828,"caption":"\u00d6ffentlich-Rechtlicher Rundfunk"},{"@type":"BreadcrumbList","@id":"https:\/\/derkommunale.de\/wordpress\/selbstbedienungsladen-oeffentlich-rechtlicher-rundfunk\/#breadcrumb","itemListElement":[{"@type":"ListItem","position":1,"name":"Home","item":"https:\/\/derkommunale.de\/wordpress\/"},{"@type":"ListItem","position":2,"name":"Politik","item":"https:\/\/derkommunale.de\/wordpress\/category\/politik\/"},{"@type":"ListItem","position":3,"name":"Innenpolitik","item":"https:\/\/derkommunale.de\/wordpress\/category\/politik\/innenpolitik\/"},{"@type":"ListItem","position":4,"name":"Selbstbedienungsladen \u00d6ffentlich-Rechtlicher Rundfunk"}]},{"@type":"WebSite","@id":"https:\/\/derkommunale.de\/wordpress\/#website","url":"https:\/\/derkommunale.de\/wordpress\/","name":"Meine ungefragte Meinung","description":"Politik f\u00fcr W\u00e4hler","publisher":{"@id":"https:\/\/derkommunale.de\/wordpress\/#\/schema\/person\/0c103ca94aa32d67b840ef853b648769"},"alternateName":"Politik kommentiert","potentialAction":[{"@type":"SearchAction","target":{"@type":"EntryPoint","urlTemplate":"https:\/\/derkommunale.de\/wordpress\/?s={search_term_string}"},"query-input":{"@type":"PropertyValueSpecification","valueRequired":true,"valueName":"search_term_string"}}],"inLanguage":"de"},{"@type":["Person","Organization"],"@id":"https:\/\/derkommunale.de\/wordpress\/#\/schema\/person\/0c103ca94aa32d67b840ef853b648769","name":"Reiner","image":{"@type":"ImageObject","inLanguage":"de","@id":"https:\/\/i0.wp.com\/derkommunale.de\/wordpress\/wp-content\/uploads\/2019\/09\/ich2-e1668710687680.jpg?fit=226%2C300&ssl=1","url":"https:\/\/i0.wp.com\/derkommunale.de\/wordpress\/wp-content\/uploads\/2019\/09\/ich2-e1668710687680.jpg?fit=226%2C300&ssl=1","contentUrl":"https:\/\/i0.wp.com\/derkommunale.de\/wordpress\/wp-content\/uploads\/2019\/09\/ich2-e1668710687680.jpg?fit=226%2C300&ssl=1","width":226,"height":300,"caption":"Reiner"},"logo":{"@id":"https:\/\/i0.wp.com\/derkommunale.de\/wordpress\/wp-content\/uploads\/2019\/09\/ich2-e1668710687680.jpg?fit=226%2C300&ssl=1"},"sameAs":["https:\/\/derkommunale.de\/wordpress","https:\/\/www.youtube.com\/account"]}]}},"jetpack_publicize_connections":[],"jetpack_featured_media_url":"https:\/\/i0.wp.com\/derkommunale.de\/wordpress\/wp-content\/uploads\/2022\/09\/mockup-5282000_1280.jpg?fit=1280%2C828&ssl=1","uagb_featured_image_src":{"full":["https:\/\/i0.wp.com\/derkommunale.de\/wordpress\/wp-content\/uploads\/2022\/09\/mockup-5282000_1280.jpg?fit=1280%2C828&ssl=1",1280,828,false],"thumbnail":["https:\/\/i0.wp.com\/derkommunale.de\/wordpress\/wp-content\/uploads\/2022\/09\/mockup-5282000_1280.jpg?resize=150%2C100&ssl=1",150,100,true],"medium":["https:\/\/i0.wp.com\/derkommunale.de\/wordpress\/wp-content\/uploads\/2022\/09\/mockup-5282000_1280.jpg?fit=300%2C194&ssl=1",300,194,true],"large":["https:\/\/i0.wp.com\/derkommunale.de\/wordpress\/wp-content\/uploads\/2022\/09\/mockup-5282000_1280.jpg?fit=800%2C518&ssl=1",800,518,true],"us_1536_1536":["https:\/\/i0.wp.com\/derkommunale.de\/wordpress\/wp-content\/uploads\/2022\/09\/mockup-5282000_1280.jpg?fit=1280%2C828&ssl=1",1280,828,true],"us_512_512_crop":["https:\/\/i0.wp.com\/derkommunale.de\/wordpress\/wp-content\/uploads\/2022\/09\/mockup-5282000_1280.jpg?resize=512%2C512&ssl=1",512,512,true]},"uagb_author_info":{"display_name":"Reiner","author_link":"https:\/\/derkommunale.de\/wordpress\/author\/reiner\/"},"uagb_comment_info":0,"uagb_excerpt":"Intendanten bei NDR und ZDF sahnen ab Am 28.09.2022 hat sich der Focus des Themas Zusatzeinnahmen der Sender-Chefs von NDR und ZDF angenommen.Man ahnt bereits, dass die Damen und Herren nicht am Hungertuch nagen m\u00fcssen. &nbsp;Und so stellte der Focus dann auch fest, dass die Intendanten durchaus f\u00fcrstlich mit mehreren Hunderttausend Euro entlohnt werden. Damit...","jetpack_sharing_enabled":true,"jetpack_likes_enabled":true,"jetpack_shortlink":"https:\/\/wp.me\/p6vZfq-3VR","_links":{"self":[{"href":"https:\/\/derkommunale.de\/wordpress\/wp-json\/wp\/v2\/posts\/15119","targetHints":{"allow":["GET"]}}],"collection":[{"href":"https:\/\/derkommunale.de\/wordpress\/wp-json\/wp\/v2\/posts"}],"about":[{"href":"https:\/\/derkommunale.de\/wordpress\/wp-json\/wp\/v2\/types\/post"}],"author":[{"embeddable":true,"href":"https:\/\/derkommunale.de\/wordpress\/wp-json\/wp\/v2\/users\/1"}],"replies":[{"embeddable":true,"href":"https:\/\/derkommunale.de\/wordpress\/wp-json\/wp\/v2\/comments?post=15119"}],"version-history":[{"count":0,"href":"https:\/\/derkommunale.de\/wordpress\/wp-json\/wp\/v2\/posts\/15119\/revisions"}],"wp:featuredmedia":[{"embeddable":true,"href":"https:\/\/derkommunale.de\/wordpress\/wp-json\/wp\/v2\/media\/15120"}],"wp:attachment":[{"href":"https:\/\/derkommunale.de\/wordpress\/wp-json\/wp\/v2\/media?parent=15119"}],"wp:term":[{"taxonomy":"category","embeddable":true,"href":"https:\/\/derkommunale.de\/wordpress\/wp-json\/wp\/v2\/categories?post=15119"},{"taxonomy":"post_tag","embeddable":true,"href":"https:\/\/derkommunale.de\/wordpress\/wp-json\/wp\/v2\/tags?post=15119"}],"curies":[{"name":"wp","href":"https:\/\/api.w.org\/{rel}","templated":true}]}}