{"id":18793,"date":"2023-12-02T15:07:22","date_gmt":"2023-12-02T14:07:22","guid":{"rendered":"https:\/\/derkommunale.de\/wordpress\/?p=18793"},"modified":"2023-12-03T20:49:09","modified_gmt":"2023-12-03T19:49:09","slug":"gewerkschaften-im-zwielicht","status":"publish","type":"post","link":"https:\/\/derkommunale.de\/wordpress\/gewerkschaften-im-zwielicht\/","title":{"rendered":"Gewerkschaften im Zwielicht"},"content":{"rendered":"\n<h2 class=\"wp-block-heading\"><strong>Befinden sich die Gewerkschaften noch im Konsens mit der Gesellschaft?<\/strong><\/h2>\n\n\n\n<p>So wie der Markt per Angebot und Nachfrage die Preise regulieren soll, so sind die Gewerkschaften  beauftragt, einen Interessenausgleich zwischen den Produktivit\u00e4tsanspr\u00fcchen der Unternehmer und den Einkommensw\u00fcnschen der Arbeitnehmer zu schaffen. Angesichts der Ereignisse in j\u00fcngerer Vergangenheit kann man bei kritischer Betrachtung den Eindruck gewinnen, dass den Gewerkschaften im Hinblick auf ihre ausgew\u00e4hlte Klientel und die erhobenen Forderungen das rechte Ma\u00df verloren gegangen ist.&nbsp;<\/p>\n\n\n\n<h2 class=\"wp-block-heading\"><strong>R\u00fccksichtslosigkeit und \u00fcberzogene Forderungen passen nicht in die Zeit<\/strong><\/h2>\n\n\n\n<p>Die Vorgehensweise der Gewerkschaften verst\u00e4rkt den Eindruck, dass ausgerechnet in den Branchen gestreikt worden ist bzw.\u00a0<a href=\"https:\/\/www.rbb24.de\/wirtschaft\/beitrag\/2023\/11\/berlin-gewerkschaften-verdi-gew-gdp-oeffentlicher-dienst-warnstreik-tarifstreit.html\">gerade zum Streik aufgerufen wird<\/a>, deren Arbeitnehmer ohnehin zu den Gutverdienern mit gesichertem Arbeitsplatz und weiteren Privilegien geh\u00f6ren. Zu dieser Gruppe z\u00e4hle ich die Besch\u00e4ftigten im \u00f6ffentlichen Dienst und auch die Polizei. Auch in den Bereichen Erziehung und Wissenschaft sind meines Wissens eher keine Mindestlohnempf\u00e4nger t\u00e4tig. 10,5 % mehr Lohn, mindestens aber 500 \u20ac pro Monat bei 12 Monaten Laufzeit fordern Verdi,\u00a0<a href=\"https:\/\/www.gew.de\/anfahrt\">GEW<\/a>\u00a0und die\u00a0<a href=\"https:\/\/www.gdp.de\/\">GdP.<\/a>\u00a0F\u00fcr die Stadtstaaten Berlin, Bremen und Hamburg (die ersten beiden notorische Schuldenmacher) fordert Verdi 500 \u20ac Stadtstaatenzulage. Ich als Rentner nenne das mehr als \u00fcppig. Sollte sich Verdi damit durchsetzen, wird das Auswirkungen f\u00fcr alle Mitb\u00fcrger haben, die Dienstleistungen der Beh\u00f6rden in Anspruch nehmen wollen. Solche \u00dcberlegungen sind Verdi ebenso fremd wie den stets besonders aggressiv auftretenden Chef der GdL Weselsky. <\/p>\n\n\n\n<h2 class=\"wp-block-heading\">GdL-Chef Weselsky-der Schrecken der Deutschen Bahn<\/h2>\n\n\n\n<p>Die Lohn-Preis-Spirale interessiert den Chef der gut dotierten Lokf\u00fchrertruppe nicht. Die GdL fordert sogar 555 \u20ac pro Monat mehr f\u00fcr die Lokf\u00fchrer und obendrauf eine Inflationspr\u00e4mie vom 3000 \u20ac. Gelten sollen diese paradiesischen Zust\u00e4nde f\u00fcr nur 12 Monate. Danach ist ein Nachschlag f\u00e4llig. Dazu soll die Arbeitszeit der Schichtarbeiter auf 4 Tage pro Woche verk\u00fcrzt werden,-nat\u00fcrlich bei vollem Lohnausgleich. Merkw\u00fcrdigerweise wird die <a href=\"https:\/\/derkommunale.de\/wordpress\/wp-admin\/post.php?post=14140&amp;action=edit\">Abl\u00f6sung der F\u00fchrungsriege<\/a> der DB nicht thematisiert. Aber das ist ja auch die Aufgabe des Eigners der Bahn, dem Bund. Angebot der Bahn, 11 % mehr Lohn bei 32 Monaten Laufzeit nennt Weselsky l\u00e4cherlich. Da sind wohl einige Ma\u00dfst\u00e4be durcheinander geraten.<\/p>\n\n\n\n<p>Wie die Bahn die Forderungen der Gewerkschaft der Lokf\u00fchrer angesichts leerer Kassen und einem riesigen Reformstau stemmen soll, ficht Herrn Weselsky nicht an. Auch woher die f\u00fcr eine Verk\u00fcrzung der Arbeitszeit n\u00f6tigen Fachkr\u00e4fte herkommen sollen, interessiert ihn nicht. Interessenausgleich kann man so etwas nicht nennen. Das ist schlicht Erpressung und ein Unding in den jetzigen wirtschaftlich schwierigen Zeiten.<\/p>\n\n\n\n<h2 class=\"wp-block-heading\"><strong>Es ist Zeit, wieder Vernunft walten zu lassen<\/strong><\/h2>\n\n\n\n<p>Es ist an der Zeit, die wirtschaftlichen Realit\u00e4ten anzuerkennen und die schwierige Lage nicht noch weiter versch\u00e4rfen, um privilegierten Gruppen h\u00f6here Einkommen zuzuschanzen. Die Absetzung des trotz jahrelangen Versagens noch mit Boni verw\u00f6hnten Spitzenpersonals der Bahn w\u00e4re hingegen ein hehres Ziel. Aber daf\u00fcr gibt es eigentlich die Bundesregierung als Bahneigner. Diese aber macht von ihren Befugnissen keinen Gebrauch.<\/p>\n","protected":false},"excerpt":{"rendered":"<p>Befinden sich die Gewerkschaften noch im Konsens mit der Gesellschaft? So wie der Markt per Angebot und Nachfrage die Preise regulieren soll, so sind die Gewerkschaften beauftragt, einen Interessenausgleich zwischen den Produktivit\u00e4tsanspr\u00fcchen der Unternehmer und den Einkommensw\u00fcnschen der Arbeitnehmer zu schaffen. Angesichts der Ereignisse in j\u00fcngerer Vergangenheit kann man bei kritischer Betrachtung den Eindruck gewinnen,&#8230;<\/p>\n","protected":false},"author":1,"featured_media":18796,"comment_status":"open","ping_status":"open","sticky":false,"template":"","format":"standard","meta":{"_uag_custom_page_level_css":"","ngg_post_thumbnail":0,"jetpack_post_was_ever_published":false,"_jetpack_newsletter_access":"","_jetpack_dont_email_post_to_subs":false,"_jetpack_newsletter_tier_id":0,"_jetpack_memberships_contains_paywalled_content":false,"_jetpack_memberships_contains_paid_content":false,"footnotes":"","jetpack_publicize_message":"","jetpack_publicize_feature_enabled":true,"jetpack_social_post_already_shared":false,"jetpack_social_options":{"image_generator_settings":{"template":"highway","default_image_id":0,"font":"","enabled":false},"version":2}},"categories":[2030,2587,1593,3],"tags":[2591,2589,2588,2590],"class_list":["post-18793","post","type-post","status-publish","format-standard","has-post-thumbnail","hentry","category-behoerden","category-gewerkschaften","category-kirche-und-gesellschaft","category-politik","tag-die-lohn-preis-spirale-beschleunigt","tag-gdl-erpresst-die-gesellschaft","tag-ueberzogene-forderungen-der-gerkschaften","tag-verdi-ruft-gutverdiener-zum-streik-auf"],"yoast_head":"<!-- This site is optimized with the Yoast SEO plugin v27.5 - https:\/\/yoast.com\/product\/yoast-seo-wordpress\/ -->\n<title>Gewerkschaften im Zwielicht<\/title>\n<meta name=\"description\" content=\"\u00dcberzogene Forderungen ohne Bezug zur Realit\u00e4t f\u00fcr eine Klientel, die kaum als bed\u00fcrftig gelten kann. Sind Verdi und &amp; vom Weg abgekommen?\" \/>\n<meta name=\"robots\" content=\"index, follow, max-snippet:-1, max-image-preview:large, max-video-preview:-1\" \/>\n<link rel=\"canonical\" href=\"https:\/\/derkommunale.de\/wordpress\/gewerkschaften-im-zwielicht\/\" \/>\n<meta property=\"og:locale\" content=\"de_DE\" \/>\n<meta property=\"og:type\" content=\"article\" \/>\n<meta property=\"og:title\" content=\"Gewerkschaften im Zwielicht\" \/>\n<meta property=\"og:description\" content=\"\u00dcberzogene Forderungen ohne Bezug zur Realit\u00e4t f\u00fcr eine Klientel, die kaum als bed\u00fcrftig gelten kann. Sind Verdi und &amp; vom Weg abgekommen?\" \/>\n<meta property=\"og:url\" content=\"https:\/\/derkommunale.de\/wordpress\/gewerkschaften-im-zwielicht\/\" \/>\n<meta property=\"og:site_name\" content=\"Meine ungefragte Meinung\" \/>\n<meta property=\"article:published_time\" content=\"2023-12-02T14:07:22+00:00\" \/>\n<meta property=\"article:modified_time\" content=\"2023-12-03T19:49:09+00:00\" \/>\n<meta property=\"og:image\" content=\"https:\/\/derkommunale.de\/wordpress\/wp-content\/uploads\/2023\/12\/418923.jpg\" \/>\n\t<meta property=\"og:image:width\" content=\"1280\" \/>\n\t<meta property=\"og:image:height\" content=\"853\" \/>\n\t<meta property=\"og:image:type\" content=\"image\/jpeg\" \/>\n<meta name=\"author\" content=\"Reiner\" \/>\n<meta name=\"twitter:card\" content=\"summary_large_image\" \/>\n<meta name=\"twitter:label1\" content=\"Verfasst von\" \/>\n\t<meta name=\"twitter:data1\" content=\"Reiner\" \/>\n\t<meta name=\"twitter:label2\" content=\"Gesch\u00e4tzte Lesezeit\" \/>\n\t<meta name=\"twitter:data2\" content=\"3\u00a0Minuten\" \/>\n<script type=\"application\/ld+json\" class=\"yoast-schema-graph\">{\"@context\":\"https:\\\/\\\/schema.org\",\"@graph\":[{\"@type\":\"Article\",\"@id\":\"https:\\\/\\\/derkommunale.de\\\/wordpress\\\/gewerkschaften-im-zwielicht\\\/#article\",\"isPartOf\":{\"@id\":\"https:\\\/\\\/derkommunale.de\\\/wordpress\\\/gewerkschaften-im-zwielicht\\\/\"},\"author\":{\"name\":\"Reiner\",\"@id\":\"https:\\\/\\\/derkommunale.de\\\/wordpress\\\/#\\\/schema\\\/person\\\/0c103ca94aa32d67b840ef853b648769\"},\"headline\":\"Gewerkschaften im Zwielicht\",\"datePublished\":\"2023-12-02T14:07:22+00:00\",\"dateModified\":\"2023-12-03T19:49:09+00:00\",\"mainEntityOfPage\":{\"@id\":\"https:\\\/\\\/derkommunale.de\\\/wordpress\\\/gewerkschaften-im-zwielicht\\\/\"},\"wordCount\":490,\"commentCount\":0,\"publisher\":{\"@id\":\"https:\\\/\\\/derkommunale.de\\\/wordpress\\\/#\\\/schema\\\/person\\\/0c103ca94aa32d67b840ef853b648769\"},\"image\":{\"@id\":\"https:\\\/\\\/derkommunale.de\\\/wordpress\\\/gewerkschaften-im-zwielicht\\\/#primaryimage\"},\"thumbnailUrl\":\"https:\\\/\\\/i0.wp.com\\\/derkommunale.de\\\/wordpress\\\/wp-content\\\/uploads\\\/2023\\\/12\\\/418923.jpg?fit=1280%2C853&ssl=1\",\"keywords\":[\"die Lohn-Preis-Spirale beschleunigt\",\"GdL erpresst die Gesellschaft\",\"\u00fcberzogene Forderungen der Gerkschaften\",\"Verdi ruft Gutverdiener zum Streik auf\"],\"articleSection\":[\"Beh\u00f6rden\",\"Gewerkschaften\",\"Kirche und Gesellschaft\",\"Politik\"],\"inLanguage\":\"de\",\"potentialAction\":[{\"@type\":\"CommentAction\",\"name\":\"Comment\",\"target\":[\"https:\\\/\\\/derkommunale.de\\\/wordpress\\\/gewerkschaften-im-zwielicht\\\/#respond\"]}]},{\"@type\":\"WebPage\",\"@id\":\"https:\\\/\\\/derkommunale.de\\\/wordpress\\\/gewerkschaften-im-zwielicht\\\/\",\"url\":\"https:\\\/\\\/derkommunale.de\\\/wordpress\\\/gewerkschaften-im-zwielicht\\\/\",\"name\":\"Gewerkschaften im Zwielicht\",\"isPartOf\":{\"@id\":\"https:\\\/\\\/derkommunale.de\\\/wordpress\\\/#website\"},\"primaryImageOfPage\":{\"@id\":\"https:\\\/\\\/derkommunale.de\\\/wordpress\\\/gewerkschaften-im-zwielicht\\\/#primaryimage\"},\"image\":{\"@id\":\"https:\\\/\\\/derkommunale.de\\\/wordpress\\\/gewerkschaften-im-zwielicht\\\/#primaryimage\"},\"thumbnailUrl\":\"https:\\\/\\\/i0.wp.com\\\/derkommunale.de\\\/wordpress\\\/wp-content\\\/uploads\\\/2023\\\/12\\\/418923.jpg?fit=1280%2C853&ssl=1\",\"datePublished\":\"2023-12-02T14:07:22+00:00\",\"dateModified\":\"2023-12-03T19:49:09+00:00\",\"description\":\"\u00dcberzogene Forderungen ohne Bezug zur Realit\u00e4t f\u00fcr eine Klientel, die kaum als bed\u00fcrftig gelten kann. Sind Verdi und & vom Weg abgekommen?\",\"breadcrumb\":{\"@id\":\"https:\\\/\\\/derkommunale.de\\\/wordpress\\\/gewerkschaften-im-zwielicht\\\/#breadcrumb\"},\"inLanguage\":\"de\",\"potentialAction\":[{\"@type\":\"ReadAction\",\"target\":[\"https:\\\/\\\/derkommunale.de\\\/wordpress\\\/gewerkschaften-im-zwielicht\\\/\"]}]},{\"@type\":\"ImageObject\",\"inLanguage\":\"de\",\"@id\":\"https:\\\/\\\/derkommunale.de\\\/wordpress\\\/gewerkschaften-im-zwielicht\\\/#primaryimage\",\"url\":\"https:\\\/\\\/i0.wp.com\\\/derkommunale.de\\\/wordpress\\\/wp-content\\\/uploads\\\/2023\\\/12\\\/418923.jpg?fit=1280%2C853&ssl=1\",\"contentUrl\":\"https:\\\/\\\/i0.wp.com\\\/derkommunale.de\\\/wordpress\\\/wp-content\\\/uploads\\\/2023\\\/12\\\/418923.jpg?fit=1280%2C853&ssl=1\",\"width\":1280,\"height\":853,\"caption\":\"Photo by geralt on Pixabay\"},{\"@type\":\"BreadcrumbList\",\"@id\":\"https:\\\/\\\/derkommunale.de\\\/wordpress\\\/gewerkschaften-im-zwielicht\\\/#breadcrumb\",\"itemListElement\":[{\"@type\":\"ListItem\",\"position\":1,\"name\":\"Home\",\"item\":\"https:\\\/\\\/derkommunale.de\\\/wordpress\\\/\"},{\"@type\":\"ListItem\",\"position\":2,\"name\":\"Politik\",\"item\":\"https:\\\/\\\/derkommunale.de\\\/wordpress\\\/category\\\/politik\\\/\"},{\"@type\":\"ListItem\",\"position\":3,\"name\":\"Gewerkschaften im Zwielicht\"}]},{\"@type\":\"WebSite\",\"@id\":\"https:\\\/\\\/derkommunale.de\\\/wordpress\\\/#website\",\"url\":\"https:\\\/\\\/derkommunale.de\\\/wordpress\\\/\",\"name\":\"Meine ungefragte Meinung\",\"description\":\"Politik f\u00fcr W\u00e4hler\",\"publisher\":{\"@id\":\"https:\\\/\\\/derkommunale.de\\\/wordpress\\\/#\\\/schema\\\/person\\\/0c103ca94aa32d67b840ef853b648769\"},\"alternateName\":\"Politik kommentiert\",\"potentialAction\":[{\"@type\":\"SearchAction\",\"target\":{\"@type\":\"EntryPoint\",\"urlTemplate\":\"https:\\\/\\\/derkommunale.de\\\/wordpress\\\/?s={search_term_string}\"},\"query-input\":{\"@type\":\"PropertyValueSpecification\",\"valueRequired\":true,\"valueName\":\"search_term_string\"}}],\"inLanguage\":\"de\"},{\"@type\":[\"Person\",\"Organization\"],\"@id\":\"https:\\\/\\\/derkommunale.de\\\/wordpress\\\/#\\\/schema\\\/person\\\/0c103ca94aa32d67b840ef853b648769\",\"name\":\"Reiner\",\"image\":{\"@type\":\"ImageObject\",\"inLanguage\":\"de\",\"@id\":\"https:\\\/\\\/i0.wp.com\\\/derkommunale.de\\\/wordpress\\\/wp-content\\\/uploads\\\/2019\\\/09\\\/ich2-e1668710687680.jpg?fit=226%2C300&ssl=1\",\"url\":\"https:\\\/\\\/i0.wp.com\\\/derkommunale.de\\\/wordpress\\\/wp-content\\\/uploads\\\/2019\\\/09\\\/ich2-e1668710687680.jpg?fit=226%2C300&ssl=1\",\"contentUrl\":\"https:\\\/\\\/i0.wp.com\\\/derkommunale.de\\\/wordpress\\\/wp-content\\\/uploads\\\/2019\\\/09\\\/ich2-e1668710687680.jpg?fit=226%2C300&ssl=1\",\"width\":226,\"height\":300,\"caption\":\"Reiner\"},\"logo\":{\"@id\":\"https:\\\/\\\/i0.wp.com\\\/derkommunale.de\\\/wordpress\\\/wp-content\\\/uploads\\\/2019\\\/09\\\/ich2-e1668710687680.jpg?fit=226%2C300&ssl=1\"},\"sameAs\":[\"https:\\\/\\\/derkommunale.de\\\/wordpress\",\"https:\\\/\\\/www.youtube.com\\\/account\"]}]}<\/script>\n<!-- \/ Yoast SEO plugin. -->","yoast_head_json":{"title":"Gewerkschaften im Zwielicht","description":"\u00dcberzogene Forderungen ohne Bezug zur Realit\u00e4t f\u00fcr eine Klientel, die kaum als bed\u00fcrftig gelten kann. Sind Verdi und & vom Weg abgekommen?","robots":{"index":"index","follow":"follow","max-snippet":"max-snippet:-1","max-image-preview":"max-image-preview:large","max-video-preview":"max-video-preview:-1"},"canonical":"https:\/\/derkommunale.de\/wordpress\/gewerkschaften-im-zwielicht\/","og_locale":"de_DE","og_type":"article","og_title":"Gewerkschaften im Zwielicht","og_description":"\u00dcberzogene Forderungen ohne Bezug zur Realit\u00e4t f\u00fcr eine Klientel, die kaum als bed\u00fcrftig gelten kann. Sind Verdi und & vom Weg abgekommen?","og_url":"https:\/\/derkommunale.de\/wordpress\/gewerkschaften-im-zwielicht\/","og_site_name":"Meine ungefragte Meinung","article_published_time":"2023-12-02T14:07:22+00:00","article_modified_time":"2023-12-03T19:49:09+00:00","og_image":[{"width":1280,"height":853,"url":"https:\/\/derkommunale.de\/wordpress\/wp-content\/uploads\/2023\/12\/418923.jpg","type":"image\/jpeg"}],"author":"Reiner","twitter_card":"summary_large_image","twitter_misc":{"Verfasst von":"Reiner","Gesch\u00e4tzte Lesezeit":"3\u00a0Minuten"},"schema":{"@context":"https:\/\/schema.org","@graph":[{"@type":"Article","@id":"https:\/\/derkommunale.de\/wordpress\/gewerkschaften-im-zwielicht\/#article","isPartOf":{"@id":"https:\/\/derkommunale.de\/wordpress\/gewerkschaften-im-zwielicht\/"},"author":{"name":"Reiner","@id":"https:\/\/derkommunale.de\/wordpress\/#\/schema\/person\/0c103ca94aa32d67b840ef853b648769"},"headline":"Gewerkschaften im Zwielicht","datePublished":"2023-12-02T14:07:22+00:00","dateModified":"2023-12-03T19:49:09+00:00","mainEntityOfPage":{"@id":"https:\/\/derkommunale.de\/wordpress\/gewerkschaften-im-zwielicht\/"},"wordCount":490,"commentCount":0,"publisher":{"@id":"https:\/\/derkommunale.de\/wordpress\/#\/schema\/person\/0c103ca94aa32d67b840ef853b648769"},"image":{"@id":"https:\/\/derkommunale.de\/wordpress\/gewerkschaften-im-zwielicht\/#primaryimage"},"thumbnailUrl":"https:\/\/i0.wp.com\/derkommunale.de\/wordpress\/wp-content\/uploads\/2023\/12\/418923.jpg?fit=1280%2C853&ssl=1","keywords":["die Lohn-Preis-Spirale beschleunigt","GdL erpresst die Gesellschaft","\u00fcberzogene Forderungen der Gerkschaften","Verdi ruft Gutverdiener zum Streik auf"],"articleSection":["Beh\u00f6rden","Gewerkschaften","Kirche und Gesellschaft","Politik"],"inLanguage":"de","potentialAction":[{"@type":"CommentAction","name":"Comment","target":["https:\/\/derkommunale.de\/wordpress\/gewerkschaften-im-zwielicht\/#respond"]}]},{"@type":"WebPage","@id":"https:\/\/derkommunale.de\/wordpress\/gewerkschaften-im-zwielicht\/","url":"https:\/\/derkommunale.de\/wordpress\/gewerkschaften-im-zwielicht\/","name":"Gewerkschaften im Zwielicht","isPartOf":{"@id":"https:\/\/derkommunale.de\/wordpress\/#website"},"primaryImageOfPage":{"@id":"https:\/\/derkommunale.de\/wordpress\/gewerkschaften-im-zwielicht\/#primaryimage"},"image":{"@id":"https:\/\/derkommunale.de\/wordpress\/gewerkschaften-im-zwielicht\/#primaryimage"},"thumbnailUrl":"https:\/\/i0.wp.com\/derkommunale.de\/wordpress\/wp-content\/uploads\/2023\/12\/418923.jpg?fit=1280%2C853&ssl=1","datePublished":"2023-12-02T14:07:22+00:00","dateModified":"2023-12-03T19:49:09+00:00","description":"\u00dcberzogene Forderungen ohne Bezug zur Realit\u00e4t f\u00fcr eine Klientel, die kaum als bed\u00fcrftig gelten kann. Sind Verdi und & vom Weg abgekommen?","breadcrumb":{"@id":"https:\/\/derkommunale.de\/wordpress\/gewerkschaften-im-zwielicht\/#breadcrumb"},"inLanguage":"de","potentialAction":[{"@type":"ReadAction","target":["https:\/\/derkommunale.de\/wordpress\/gewerkschaften-im-zwielicht\/"]}]},{"@type":"ImageObject","inLanguage":"de","@id":"https:\/\/derkommunale.de\/wordpress\/gewerkschaften-im-zwielicht\/#primaryimage","url":"https:\/\/i0.wp.com\/derkommunale.de\/wordpress\/wp-content\/uploads\/2023\/12\/418923.jpg?fit=1280%2C853&ssl=1","contentUrl":"https:\/\/i0.wp.com\/derkommunale.de\/wordpress\/wp-content\/uploads\/2023\/12\/418923.jpg?fit=1280%2C853&ssl=1","width":1280,"height":853,"caption":"Photo by geralt on Pixabay"},{"@type":"BreadcrumbList","@id":"https:\/\/derkommunale.de\/wordpress\/gewerkschaften-im-zwielicht\/#breadcrumb","itemListElement":[{"@type":"ListItem","position":1,"name":"Home","item":"https:\/\/derkommunale.de\/wordpress\/"},{"@type":"ListItem","position":2,"name":"Politik","item":"https:\/\/derkommunale.de\/wordpress\/category\/politik\/"},{"@type":"ListItem","position":3,"name":"Gewerkschaften im Zwielicht"}]},{"@type":"WebSite","@id":"https:\/\/derkommunale.de\/wordpress\/#website","url":"https:\/\/derkommunale.de\/wordpress\/","name":"Meine ungefragte Meinung","description":"Politik f\u00fcr W\u00e4hler","publisher":{"@id":"https:\/\/derkommunale.de\/wordpress\/#\/schema\/person\/0c103ca94aa32d67b840ef853b648769"},"alternateName":"Politik kommentiert","potentialAction":[{"@type":"SearchAction","target":{"@type":"EntryPoint","urlTemplate":"https:\/\/derkommunale.de\/wordpress\/?s={search_term_string}"},"query-input":{"@type":"PropertyValueSpecification","valueRequired":true,"valueName":"search_term_string"}}],"inLanguage":"de"},{"@type":["Person","Organization"],"@id":"https:\/\/derkommunale.de\/wordpress\/#\/schema\/person\/0c103ca94aa32d67b840ef853b648769","name":"Reiner","image":{"@type":"ImageObject","inLanguage":"de","@id":"https:\/\/i0.wp.com\/derkommunale.de\/wordpress\/wp-content\/uploads\/2019\/09\/ich2-e1668710687680.jpg?fit=226%2C300&ssl=1","url":"https:\/\/i0.wp.com\/derkommunale.de\/wordpress\/wp-content\/uploads\/2019\/09\/ich2-e1668710687680.jpg?fit=226%2C300&ssl=1","contentUrl":"https:\/\/i0.wp.com\/derkommunale.de\/wordpress\/wp-content\/uploads\/2019\/09\/ich2-e1668710687680.jpg?fit=226%2C300&ssl=1","width":226,"height":300,"caption":"Reiner"},"logo":{"@id":"https:\/\/i0.wp.com\/derkommunale.de\/wordpress\/wp-content\/uploads\/2019\/09\/ich2-e1668710687680.jpg?fit=226%2C300&ssl=1"},"sameAs":["https:\/\/derkommunale.de\/wordpress","https:\/\/www.youtube.com\/account"]}]}},"jetpack_publicize_connections":[],"jetpack_featured_media_url":"https:\/\/i0.wp.com\/derkommunale.de\/wordpress\/wp-content\/uploads\/2023\/12\/418923.jpg?fit=1280%2C853&ssl=1","uagb_featured_image_src":{"full":["https:\/\/i0.wp.com\/derkommunale.de\/wordpress\/wp-content\/uploads\/2023\/12\/418923.jpg?fit=1280%2C853&ssl=1",1280,853,false],"thumbnail":["https:\/\/i0.wp.com\/derkommunale.de\/wordpress\/wp-content\/uploads\/2023\/12\/418923.jpg?resize=150%2C100&ssl=1",150,100,true],"medium":["https:\/\/i0.wp.com\/derkommunale.de\/wordpress\/wp-content\/uploads\/2023\/12\/418923.jpg?fit=300%2C200&ssl=1",300,200,true],"large":["https:\/\/i0.wp.com\/derkommunale.de\/wordpress\/wp-content\/uploads\/2023\/12\/418923.jpg?fit=800%2C533&ssl=1",800,533,true],"us_1536_1536":["https:\/\/i0.wp.com\/derkommunale.de\/wordpress\/wp-content\/uploads\/2023\/12\/418923.jpg?fit=1280%2C853&ssl=1",1280,853,true],"us_512_512_crop":["https:\/\/i0.wp.com\/derkommunale.de\/wordpress\/wp-content\/uploads\/2023\/12\/418923.jpg?resize=512%2C512&ssl=1",512,512,true]},"uagb_author_info":{"display_name":"Reiner","author_link":"https:\/\/derkommunale.de\/wordpress\/author\/reiner\/"},"uagb_comment_info":0,"uagb_excerpt":"Befinden sich die Gewerkschaften noch im Konsens mit der Gesellschaft? So wie der Markt per Angebot und Nachfrage die Preise regulieren soll, so sind die Gewerkschaften beauftragt, einen Interessenausgleich zwischen den Produktivit\u00e4tsanspr\u00fcchen der Unternehmer und den Einkommensw\u00fcnschen der Arbeitnehmer zu schaffen. Angesichts der Ereignisse in j\u00fcngerer Vergangenheit kann man bei kritischer Betrachtung den Eindruck gewinnen,...","jetpack_sharing_enabled":true,"jetpack_likes_enabled":true,"jetpack_shortlink":"https:\/\/wp.me\/p6vZfq-4T7","_links":{"self":[{"href":"https:\/\/derkommunale.de\/wordpress\/wp-json\/wp\/v2\/posts\/18793","targetHints":{"allow":["GET"]}}],"collection":[{"href":"https:\/\/derkommunale.de\/wordpress\/wp-json\/wp\/v2\/posts"}],"about":[{"href":"https:\/\/derkommunale.de\/wordpress\/wp-json\/wp\/v2\/types\/post"}],"author":[{"embeddable":true,"href":"https:\/\/derkommunale.de\/wordpress\/wp-json\/wp\/v2\/users\/1"}],"replies":[{"embeddable":true,"href":"https:\/\/derkommunale.de\/wordpress\/wp-json\/wp\/v2\/comments?post=18793"}],"version-history":[{"count":0,"href":"https:\/\/derkommunale.de\/wordpress\/wp-json\/wp\/v2\/posts\/18793\/revisions"}],"wp:featuredmedia":[{"embeddable":true,"href":"https:\/\/derkommunale.de\/wordpress\/wp-json\/wp\/v2\/media\/18796"}],"wp:attachment":[{"href":"https:\/\/derkommunale.de\/wordpress\/wp-json\/wp\/v2\/media?parent=18793"}],"wp:term":[{"taxonomy":"category","embeddable":true,"href":"https:\/\/derkommunale.de\/wordpress\/wp-json\/wp\/v2\/categories?post=18793"},{"taxonomy":"post_tag","embeddable":true,"href":"https:\/\/derkommunale.de\/wordpress\/wp-json\/wp\/v2\/tags?post=18793"}],"curies":[{"name":"wp","href":"https:\/\/api.w.org\/{rel}","templated":true}]}}